{"id":9408,"date":"2021-05-01T10:42:56","date_gmt":"2021-05-01T08:42:56","guid":{"rendered":"http:\/\/gomin.gospmr.org\/?p=9408"},"modified":"2021-05-06T10:52:36","modified_gmt":"2021-05-06T08:52:36","slug":"jasna-gora-3","status":"publish","type":"post","link":"http:\/\/gomin.gospmr.org\/?p=9408","title":{"rendered":"\u00abJasna  G\u00f3ra\u00bb"},"content":{"rendered":"<h2 style=\"text-align: justify;\">\u0422\u0440\u0430\u0432\u043d\u0435\u0432\u0456 \u0441\u0432\u044f\u0442\u0430<\/h2>\n<p style=\"text-align: justify;\">\u041f\u043e\u043b\u044f\u043a\u0438 \u043f\u043e\u043b\u044e\u0431\u043b\u044f\u044e\u0442\u044c \u0432\u0456\u0434\u043f\u043e\u0447\u0438\u0432\u0430\u0442\u0438, \u044f\u043a, \u0432\u043b\u0430\u0441\u043d\u0435, \u0439 \u0443\u043a\u0440\u0430\u0457\u043d\u0446\u0456 \u0447\u0438 \u043f\u0440\u0438\u0434\u043d\u0456\u0441\u0442\u0440\u043e\u0432\u0446\u0456. \u0423 \u0442\u0440\u0430\u0432\u043d\u0456 \u0432\u0438\u043f\u0430\u0434\u0430\u0454 \u0434\u0435\u043a\u0456\u043b\u044c\u043a\u0430 \u0442\u0430\u043a\u0438\u0445 \u0434\u043d\u0456\u0432: <strong>1 \u0442\u0440\u0430\u0432\u043d\u044f \u2013 \u041c\u0456\u0436\u043d\u0430\u0440\u043e\u0434\u043d\u0438\u0439 \u0434\u0435\u043d\u044c \u0441\u043e\u043b\u0456\u0434\u0430\u0440\u043d\u043e\u0441\u0442\u0456 \u0442\u0440\u0443\u0434\u044f\u0449\u0438\u0445<\/strong>; <strong>3 \u0442\u0440\u0430\u0432\u043d\u044f \u2013 \u0414\u0435\u043d\u044c \u041a\u043e\u043d\u0441\u0442\u0438\u0442\u0443\u0446\u0456\u0457 \u041f\u043e\u043b\u044c\u0449\u0456 \u0442\u0430 23 \u0442\u0440\u0430\u0432\u043d\u044f \u2013 \u0417\u0435\u043b\u0435\u043d\u0456 \u0441\u0432\u044f\u0442\u0430 \u0430\u0431\u043e \u041f\u2019\u044f\u0442\u0438\u0434\u0435\u0441\u044f\u0442\u043d\u0438\u0446\u044f.<\/strong> \u0406\u0441\u0442\u043e\u0440\u0456\u044f \u043f\u043e\u0445\u043e\u0434\u0436\u0435\u043d\u043d\u044f \u043a\u043e\u0436\u043d\u043e\u0433\u043e \u0437 \u0446\u0438\u0445 \u0441\u0432\u044f\u0442 \u0442\u0430 \u044f\u043a \u0432\u043e\u043d\u0438 \u0432\u0456\u0434\u0437\u043d\u0430\u0447\u0430\u044e\u0442\u044c\u0441\u044f \u043f\u043e\u043b\u044f\u043a\u0430\u043c\u0438 \u0432\u0438 \u043c\u043e\u0436\u0435\u0442\u0435 \u043f\u0440\u043e\u0447\u0438\u0442\u0430\u0442\u0438 \u0443 \u043c\u0430\u0442\u0435\u0440\u0456\u0430\u043b\u0430\u0445 \u0441\u044c\u043e\u0433\u043e\u0434\u043d\u0456\u0448\u043d\u044c\u043e\u0433\u043e \u043d\u043e\u043c\u0435\u0440\u0430.<\/p>\n<p style=\"text-align: justify;\">\u0423 \u041f\u043e\u043b\u044c\u0449\u0456 \u0414\u0435\u043d\u044c \u043f\u0440\u0430\u0446\u0456 \u2013 1 \u0442\u0440\u0430\u0432\u043d\u044f \u2013 \u0454 \u0434\u0435\u0440\u0436\u0430\u0432\u043d\u0438\u043c \u0441\u0432\u044f\u0442\u043e\u043c \u0437 1950 \u0440\u043e\u043a\u0443. \u0412 \u0434\u0430\u043d\u0438\u0439 \u0447\u0430\u0441 \u0443 \u0431\u0430\u0433\u0430\u0442\u044c\u043e\u0445 \u043c\u0456\u0441\u0442\u0430\u0445 \u041f\u043e\u043b\u044c\u0449\u0456 \u043f\u0440\u043e\u0432\u043e\u0434\u044f\u0442\u044c\u0441\u044f \u043c\u0430\u0440\u0448\u0456, \u043f\u0430\u0440\u0430\u0434\u0438 \u0442\u0430 \u0443\u0440\u043e\u0447\u0438\u0441\u0442\u043e\u0441\u0442\u0456, \u043f\u043e\u0432\u2019\u044f\u0437\u0430\u043d\u0456 \u0437 \u0446\u0456\u0454\u044e \u0434\u0430\u0442\u043e\u044e. \u0414\u043b\u044f \u0431\u0430\u0433\u0430\u0442\u044c\u043e\u0445 \u043b\u044e\u0434\u0435\u0439 \u0446\u0435 \u0442\u0430\u043a\u043e\u0436 \u0447\u0443\u0434\u043e\u0432\u0430 \u043c\u043e\u0436\u043b\u0438\u0432\u0456\u0441\u0442\u044c \u0437\u0432\u0435\u0440\u043d\u0443\u0442\u0438 \u0443\u0432\u0430\u0433\u0443 \u043d\u0430 \u043f\u0440\u043e\u0431\u043b\u0435\u043c\u0438 \u0431\u0435\u0437\u0440\u043e\u0431\u0456\u0442\u0442\u044f, \u043d\u0438\u0437\u044c\u043a\u043e\u0457 \u043e\u043f\u043b\u0430\u0442\u0438 \u043f\u0440\u0430\u0446\u0456 \u0430\u0431\u043e \u043d\u0435\u0440\u0456\u0432\u043d\u043e\u0441\u0442\u0456 \u043d\u0430 \u0440\u0438\u043d\u043a\u0443 \u043f\u0440\u0430\u0446\u0456.<\/p>\n<p style=\"text-align: justify;\">\u0414\u0435\u043d\u044c \u041a\u043e\u043d\u0441\u0442\u0438\u0442\u0443\u0446\u0456\u0457 \u2013 3 \u0442\u0440\u0430\u0432\u043d\u044f \u2013 \u0442\u0435\u043f\u0435\u0440 \u0437\u0430\u0437\u0432\u0438\u0447\u0430\u0439 \u0432\u0456\u0434\u0437\u043d\u0430\u0447\u0430\u0454\u0442\u044c\u0441\u044f \u043f\u0440\u043e\u0432\u0435\u0434\u0435\u043d\u043d\u044f\u043c \u0440\u0456\u0437\u043d\u0438\u0445 \u043c\u0430\u0440\u0448\u0456\u0432, \u0441\u043f\u043e\u0440\u0442\u0438\u0432\u043d\u0438\u0445 \u0437\u043c\u0430\u0433\u0430\u043d\u044c \u0442\u0430 \u0441\u0456\u043c\u0435\u0439\u043d\u0438\u0445 \u043f\u0456\u043a\u043d\u0456\u043a\u0456\u0432. \u0417 \u043d\u0430\u0433\u043e\u0434\u0438 \u0441\u0432\u044f\u0442\u0430 \u0432 \u0431\u0430\u0433\u0430\u0442\u044c\u043e\u0445 \u043f\u043e\u043b\u044c\u0441\u044c\u043a\u0438\u0445 \u043c\u0456\u0441\u0442\u0430\u0445 \u043e\u0440\u0433\u0430\u043d\u0456\u0437\u043e\u0432\u0443\u044e\u0442\u044c\u0441\u044f \u0447\u0438\u0441\u043b\u0435\u043d\u043d\u0456 \u043f\u0435\u0440\u0448\u043e\u0442\u0440\u0430\u0432\u043d\u0435\u0432\u0456 \u043f\u0430\u0440\u0430\u0434\u0438. \u0406\u0441\u043d\u0443\u044e\u0442\u044c \u0442\u0430\u043a\u043e\u0436 \u043e\u0444\u0456\u0446\u0456\u0439\u043d\u0456 \u0446\u0435\u0440\u0435\u043c\u043e\u043d\u0456\u0457, \u043f\u0435\u0440\u0435\u0432\u0430\u0436\u043d\u043e \u0432\u0456\u0439\u0441\u044c\u043a\u043e\u0432\u043e\u0433\u043e \u0445\u0430\u0440\u0430\u043a\u0442\u0435\u0440\u0443.<\/p>\n<p style=\"text-align: justify;\">23 \u0442\u0440\u0430\u0432\u043d\u044f \u043f\u043e\u043b\u044f\u043a\u0438 \u043f\u0440\u0438\u043a\u0440\u0430\u0448\u0430\u044e\u0442\u044c \u0432\u043b\u0430\u0441\u043d\u0456 \u0431\u0443\u0434\u0438\u043d\u043a\u0438 \u0437\u0435\u043b\u0435\u043d\u0438\u043c\u0438 \u0433\u0456\u043b\u043e\u0447\u043a\u0430\u043c\u0438, \u0442\u0430\u0442\u0430\u0440\u0441\u044c\u043a\u0438\u043c \u0437\u0456\u043b\u043b\u044f\u043c (\u0430\u0457\u0440\u043e\u043c), \u043a\u0432\u0456\u0442\u0430\u043c\u0438. \u041f\u0440\u0438\u043a\u0440\u0430\u0448\u0430\u043d\u043d\u044f \u0431\u0443\u0434\u0438\u043d\u043a\u0456\u0432 \u0437\u0435\u043b\u0435\u043d\u0438\u043c\u0438 \u0433\u0456\u043b\u043a\u0430\u043c\u0438 \u043f\u043e\u0432\u0438\u043d\u043d\u043e \u0431\u0443\u043b\u043e \u0437\u0430\u0431\u0435\u0437\u043f\u0435\u0447\u0438\u0442\u0438 \u0440\u043e\u0434\u044e\u0447\u0456\u0441\u0442\u044c \u0442\u0430 \u0437\u0430\u0445\u0438\u0441\u0442\u0438\u0442\u0438 \u0432\u0456\u0434 \u0447\u0430\u0440\u0456\u0432.<\/p>\n<p style=\"text-align: justify;\">\u0412\u0456\u0440\u0438\u043c\u043e, \u0449\u043e \u0434\u043e\u0431\u0456\u0440\u043a\u0430 \u043c\u0430\u0442\u0435\u0440\u0456\u0430\u043b\u0456\u0432, \u043f\u0440\u0435\u0434\u0441\u0442\u0430\u0432\u043b\u0435\u043d\u0438\u0445 \u0432 \u043f\u0443\u0431\u043b\u0456\u043a\u0430\u0446\u0456\u0457,\u00a0 \u0431\u0443\u0434\u0435 \u0432\u0430\u043c \u0446\u0456\u043a\u0430\u0432\u043e\u044e.<\/p>\n<h1 style=\"text-align: justify;\">Majowe wakacje w Polsce<\/h1>\n<p style=\"text-align: justify;\"><strong>1 maja 2021 roku tradycyjnie przypadnie \u015awi\u0119to Pracy, inaczej Mi\u0119dzynarodowy Dzie\u0144 Solidarno\u015bci Ludzi Pracy. Cho\u0107 \u015bwi\u0119to to obchodzone jest w Polsce od 1890 roku, to jednak nadal nie wszyscy wiedz\u0105, sk\u0105d si\u0119 wzi\u0119\u0142o i w jakich okoliczno\u015bciach powsta\u0142o. Szczeg\u00f3\u0142owe informacje na temat tego, co to za \u015bwi\u0119to i jak je obchodzimy w Polsce, mo\u017cna znale\u017a\u0107 poni\u017cej.<\/strong><img loading=\"lazy\" class=\"size-medium wp-image-9409 alignright\" src=\"http:\/\/gomin.gospmr.org\/wp-content\/uploads\/2021\/05\/\u0424\u043e\u0442\u043e-\u0438\u0437-\u0438\u043d\u0442\u0435\u0440\u043d\u0435\u0442\u0430-2-300x200.jpg\" alt=\"\" width=\"300\" height=\"200\" srcset=\"http:\/\/gomin.gospmr.org\/wp-content\/uploads\/2021\/05\/\u0424\u043e\u0442\u043e-\u0438\u0437-\u0438\u043d\u0442\u0435\u0440\u043d\u0435\u0442\u0430-2-300x200.jpg 300w, http:\/\/gomin.gospmr.org\/wp-content\/uploads\/2021\/05\/\u0424\u043e\u0442\u043e-\u0438\u0437-\u0438\u043d\u0442\u0435\u0440\u043d\u0435\u0442\u0430-2-768x511.jpg 768w, http:\/\/gomin.gospmr.org\/wp-content\/uploads\/2021\/05\/\u0424\u043e\u0442\u043e-\u0438\u0437-\u0438\u043d\u0442\u0435\u0440\u043d\u0435\u0442\u0430-2-420x280.jpg 420w, http:\/\/gomin.gospmr.org\/wp-content\/uploads\/2021\/05\/\u0424\u043e\u0442\u043e-\u0438\u0437-\u0438\u043d\u0442\u0435\u0440\u043d\u0435\u0442\u0430-2.jpg 1000w\" sizes=\"(max-width: 300px) 100vw, 300px\" \/><\/p>\n<p style=\"text-align: justify;\"><strong>\u015awi\u0119to Pracy: kiedy jest i co to za \u015bwi\u0119to?<\/strong><\/p>\n<p style=\"text-align: justify;\">Data \u015awi\u0119ta Pracy jest sta\u0142a, dlatego \u015bwi\u0119to to rokrocznie przypada w tym samym terminie, czyli 1 maja. Jest to dzie\u0144 ustawowo wolny. W zwi\u0105zku z tym, \u017ce w 2021 \u015awi\u0119to Pracy wypadnie w sobot\u0119, to pracownikom przys\u0142uguje dodatkowy dzie\u0144 wolny.<\/p>\n<p style=\"text-align: justify;\">Jak brzmi Artyku\u0142 130 Paragraf 2 Kodeksu Pracy, ka\u017cde \u015bwi\u0119to wyst\u0119puj\u0105ce w okresie rozliczeniowym i przypadaj\u0105ce w innym dniu ni\u017c niedziela obni\u017ca wymiar czasu pracy o 8 godzin.<\/p>\n<p style=\"text-align: justify;\">Oznacza to, \u017ce pracodawca \u2013za \u015bwi\u0119to przypadaj\u0105ce w sobot\u0119 \u2013 ma obowi\u0105zek odda\u0107 pracownikowi jeden inny dzie\u0144 wolny. Najcz\u0119\u015bciej pracodawca odg\u00f3rnie ustala termin dodatkowego dnia wolnego dla wszystkich pracownik\u00f3w w firmie.<\/p>\n<p style=\"text-align: justify;\">\u015awi\u0119to Pracy to mi\u0119dzynarodowe \u015bwi\u0119to klasy robotniczej, kt\u00f3re obchodzone jest rokrocznie 1 maja, pocz\u0105wszy od 1890 roku. W Polsce \u015awi\u0119to Pracy jest \u015bwi\u0119tem pa\u0144stwowym od 1950. Wprowadzone zosta\u0142o przez II Mi\u0119dzynarod\u00f3wk\u0119 w celu upami\u0119tnienia wydarze\u0144 z pierwszych dni maja 1886 roku w Chicago.<\/p>\n<p style=\"text-align: justify;\">W 1886 roku w\u0142a\u015bciciel firmy McCormick Harvester postanowi\u0142 zmodernizowa\u0107 sw\u00f3j zak\u0142ad. W tym celu zwolni\u0142 wszystkich pracownik\u00f3w, a na ich miejsce zatrudni\u0142 nowe osoby. Od 1 maja przez kilka kolejnych dni trwa\u0142y protesty by\u0142ych pracownik\u00f3w. W chwili przem\u00f3wienia jednego z uczestnik\u00f3w strajku policja zaatakowa\u0142a protestuj\u0105cych, mimo \u017ce byli oni nastawieni pokojowo. To w\u0142a\u015bnie wtedy dosz\u0142o do masakry, kt\u00f3ra przesz\u0142a do historii jako Haymarket Riot 1886. Demonstracja zosta\u0142a nazwana \u00abKampani\u0105 na rzecz 8-godzinnego dnia pracy\u00bb. Kilka lat po tych wydarzeniach ustalono, \u017ce 1 maja b\u0119dzie dniem upami\u0119tniaj\u0105cym strajk, kt\u00f3ry mia\u0142 miejsce w Chicago.<\/p>\n<p style=\"text-align: justify;\"><strong>\u00a0Jak si\u0119 obchodzi \u015bwi\u0119to 1 maja w Polsce?<\/strong><\/p>\n<p style=\"text-align: justify;\">Pierwsze obchody \u015awi\u0119ta Pracy w Polsce mia\u0142y miejsce w 1890 roku i niejednokrotnie odbywa\u0142y si\u0119 wbrew woli zaborc\u00f3w. W 1950 roku rz\u0105d komunistyczny nada\u0142 dniu 1 maja status \u015bwi\u0119ta pa\u0144stwowego. W ten spos\u00f3b 1 maja sta\u0142 si\u0119 dniem wolnym od pracy. W czasach PRL-u w tym terminie organizowano liczne pochody z obowi\u0105zkowymi \u00abszturm\u00f3wkami\u00bb. W latach 80. demonstracje pierwszomajowe organizowa\u0142a podziemna Solidarno\u015b\u0107 (w opozycji do oficjalnych obchod\u00f3w).<\/p>\n<p style=\"text-align: justify;\">Obecnie w wielu miastach w Polsce odbywaj\u0105 si\u0119 marsze, pochody oraz uroczysto\u015bci zwi\u0105zane ze \u015awi\u0119tem 1 Maja. Dla wielu os\u00f3b to tak\u017ce doskona\u0142a okazja do zwr\u00f3cenia uwagi na problematyk\u0119 braku pracy, niskiej p\u0142acy czy nier\u00f3wno\u015bci na rynku pracy.<\/p>\n<h1 style=\"text-align: justify;\">230 lat temu w Polsce uchwalono konstytucj\u0119<\/h1>\n<p style=\"text-align: justify;\"><strong>\u015awi\u0119to Konstytucji 3 Maja 2021 \u2013 to polskie \u015bwi\u0119to pa\u0144stwowe, kt\u00f3re rokrocznie wypada w tym samym terminie, czyli w rocznic\u0119 uchwalenia Konstytucji.<\/strong><\/p>\n<p style=\"text-align: justify;\">Konstytucja uchwalona zosta\u0142a 3 maja 1791 roku.\u00a0 Ona regulowa\u0142a prawo RON, wprowadzaj\u0105c \u0142ad do zanarchizowanych rz\u0105d\u00f3w magnaterii.<\/p>\n<p style=\"text-align: justify;\">Autorami Konstytucji 3 maja byli Kr\u00f3l Stanis\u0142aw August Poniatowski, Ignacy Potocki i Hugo Ko\u0142\u0142\u0105taj. Nie obesz\u0142o si\u0119 bez przeszk\u00f3d podczas obrad w trakcie kt\u00f3rych uchwalono Konstytucj\u0119. W czasie obrad Sejmu Czteroletniego wielu pos\u0142\u00f3w, pracuj\u0105cych na zlecenie pa\u0144stw o\u015bciennych (Rosji, Prus czy Austrii), sprzeciwia\u0142o si\u0119 powo\u0142aniu ustawy zasadniczej. Okazja nadarzy\u0142a si\u0119 3 Maja 1791 roku, w\u00f3wczas wielu przeciwnik\u00f3w konstytucji nie powr\u00f3ci\u0142o jeszcze z Wielkanocnego urlopu. Po siedmiogodzinnych obradach Sejm zatwierdzi\u0142 konstytucj\u0119, a kr\u00f3l Stanis\u0142aw August Poniatowski j\u0105 podpisa\u0142. Tw\u00f3rcy Konstytucji 3 Maja okre\u015blili j\u0105 jako \u201eostatni\u0105 wol\u0119 i testament gasn\u0105cej Ojczyzny\u201d.<\/p>\n<p style=\"text-align: justify;\"><strong>Najwa\u017cniejsze zmiany w prawie<\/strong><\/p>\n<p style=\"text-align: justify;\">Konstytucja wprowadza\u0142a tr\u00f3jpodzia\u0142 w\u0142adzy na ustawodawcz\u0105, wykonawcz\u0105 i s\u0105downicz\u0105. Ogranicza\u0142a immunitety prawne oraz przywileje szlachty zagrodowej, tak zwanej go\u0142oty. Celem ogranicze\u0144 wzgl\u0119dem szlachty by\u0142o zapobie\u017cenie mo\u017cliwo\u015bci przekupstwa, biednego szlachcica przez agent\u00f3w obcego pa\u0144stwa. Konstytucja potwierdza\u0142a te\u017c przywileje mieszcza\u0144skie nadane w akcie prawnym z 18 kwietnia 1791 roku. Wed\u0142ug tego aktu, mieszczanie mieli prawo do bezpiecze\u0144stwa osobistego, posiadania maj\u0105tk\u00f3w ziemskich, prawo zajmowania stanowisk oficerskich i stanowisk w administracji publicznej, a tak\u017ce prawo nabywania szlachectwa. Miasta mia\u0142y prawo do wys\u0142ania na Sejm 24 plenipotent\u00f3w jako swoich przedstawicieli, kt\u00f3rzy mieli g\u0142os w sprawach dotycz\u0105cych miast. Akt ten obejmowa\u0142 posp\u00f3lstwo opiek\u0105 prawa i administracji rz\u0105dowej.<\/p>\n<p style=\"text-align: justify;\"><img loading=\"lazy\" class=\"size-medium wp-image-9410 alignleft\" src=\"http:\/\/gomin.gospmr.org\/wp-content\/uploads\/2021\/05\/konst-300x196.jpg\" alt=\"\" width=\"300\" height=\"196\" srcset=\"http:\/\/gomin.gospmr.org\/wp-content\/uploads\/2021\/05\/konst-300x196.jpg 300w, http:\/\/gomin.gospmr.org\/wp-content\/uploads\/2021\/05\/konst.jpg 540w\" sizes=\"(max-width: 300px) 100vw, 300px\" \/>Konstytucja 3 maja znosi\u0142a takie \u00abnarz\u0119dzia w\u0142adzy szlacheckiej\u00bb jak liberum veto, konfederacje, sejm skonfederowany oraz ogranicza\u0142a prawa sejmik\u00f3w ziemskich.\u00a0 W dniu ustanowienia Konstytucji 3 maja przestaje istnie\u0107 Rzeczpospolita Obojga Narod\u00f3w a w jej miejsce zostaje powo\u0142ana Rzeczpospolita Polska.\u00a0 Zniesiona zostaje te\u017c wolna elekcja, kt\u00f3ra w wieku XVIII w og\u00f3le si\u0119 nie sprawdzi\u0142a, jej miejsce zast\u0119puje w\u0142adza dziedziczna, kt\u00f3r\u0105 po \u015bmierci Stanis\u0142awa Augusta Poniatowskiego mia\u0142 przej\u0105\u0107 w\u0142adca z dynastii Wettyn\u00f3w.\u00a0 Aby czuwa\u0107 nad bezpiecze\u0144stwem wprowadzono sta\u0142\u0105 armi\u0119, kt\u00f3rej liczebno\u015b\u0107 mia\u0142a si\u0119ga\u0107 100 tysi\u0119cy \u017co\u0142nierzy, oraz ustanowiono podatki w wysoko\u015bci 10% dla szlachty i 20% dla duchowie\u0144stwa \u2013 go\u0142ota, mieszczanie i ch\u0142opi byli zwolnieni z p\u0142acenia podatku.\u00a0 Katolicyzm zosta\u0142 uznany za religi\u0119 panuj\u0105c\u0105, jednocze\u015bnie zapewniono swobod\u0119 wyzna\u0144, cho\u0107 apostazja wci\u0105\u017c by\u0142a uznawana za przest\u0119pstwo. Aby Konstytucja by\u0142a zawsze aktualna co 25 lat mia\u0142 si\u0119 zbiera\u0107 Sejm Konstytucyjny, kt\u00f3ry mia\u0142by prawo zmieni\u0107 zapisy w konstytucji.<\/p>\n<p style=\"text-align: justify;\"><strong>Tr\u00f3jpodzia\u0142 w\u0142adzy<\/strong><\/p>\n<p style=\"text-align: justify;\">W\u0142adz\u0119 ustawodawcz\u0105 posiada\u0142 dwuizbowy parlament. W sk\u0142ad parlamentu wchodzi\u0142a Izba Poselska na kt\u00f3r\u0105 sk\u0142ada\u0142o si\u0119 204 pos\u0142\u00f3w (szlachta ziemia\u0144ska) oraz 24 plenipotent\u00f3w reprezentuj\u0105cych miasta kr\u00f3lewskie. Oraz Izba Senacka (132 cz\u0142onk\u00f3w), w kt\u00f3rej mogli zasiada\u0107 senatorowi, wojewodzie, kasztelani, ministrowie oraz biskupi.<\/p>\n<p style=\"text-align: justify;\">W\u0142adz\u0119 wykonawcz\u0105 posiada\u0142a rada kr\u00f3lewska w sk\u0142ad kt\u00f3rej wchodzili Kr\u00f3l jako przewodnicz\u0105cy, pi\u0119ciu ministr\u00f3w, prymas Polski (jako przewodnicz\u0105cy Komisji Edukacji Narodowej), oraz bez prawa g\u0142osu nast\u0119pca tronu, marsza\u0142ek sejmu i dw\u00f3ch sekretarzy. Ministrowie cho\u0107 byli powo\u0142ani przez Kr\u00f3la odpowiadali przed sejmem. Konstytucja 3 maja wprowadza\u0142a pi\u0119ciu ministr\u00f3w \u2013 ministra policji, ministra piecz\u0119ci (spraw wewn\u0119trznych), ministra piecz\u0119ci spraw zagranicznych, ministra belli (wojny) i ministra skarbu. Akty prawne wydawane przez kr\u00f3la, wymaga\u0142y kontrasygnaty ministra. Utrzymano zasad\u0119 m\u00f3wi\u0105c\u0105 ,\u017ce kr\u00f3l \u201enic sam przez si\u0119 nie czyni\u0105cy, za nic w odpowiedzi narodowi by\u0107 nie mo\u017ce\u201d.<\/p>\n<p style=\"text-align: justify;\"><strong>Obalenie Konstytucji 3 Maja i Konfederacja Targowicka<\/strong><\/p>\n<p style=\"text-align: justify;\">Konstytucja 3 maja przetrwa\u0142a czterna\u015bcie miesi\u0119cy, prawa jego wprowadza\u0142a do zdemoralizowanej przez przywileje Rzeczpospolitej, by\u0142y nie do zaakceptowania przez warstw\u0119 magnack\u0105. To oni obok szlachty zagrodowej stracili najwi\u0119cej. Z dniem kiedy tzw go\u0142ota, zosta\u0142a odsuni\u0119ta od w\u0142adzy pa\u0144stwowej, magnateria cz\u0119sto na zlecenie agent\u00f3w pruskich czy rosyjskich nie mog\u0142a kupczy\u0107 ustawami, czy zg\u0142asza\u0107 liberum veto ustami przekupionych pos\u0142\u00f3w. W dniu 27 kwietnia\u00a0 1792 roku w Petersburgu zawi\u0105za\u0142a si\u0119 konfederacja p\u00f3\u017aniej nazwana targowick\u0105. Nale\u017celi do niej Szcz\u0119sny Potocki, Ksawery Branicki i Seweryn Rzewuski. Na ich \u201epro\u015bb\u0119\u201d po\u0142\u0105czone si\u0142y targowiczan 20 tysi\u0119cy i\u00a0\u00a0 armii rosyjskiej w liczbie 97 tysi\u0119cy wkroczy\u0142y do Polski.\u00a0 Kr\u00f3l zdo\u0142a\u0142 wystawi\u0107 tylko 37 tysi\u0119czn\u0105 armi\u0119 sk\u0142adaj\u0105c\u0105 si\u0119 z rekrut\u00f3w. Mimo kilku wygrany bitew , kiedy wojska rosyjskie dotar\u0142y pod Warszaw\u0119, kr\u00f3l zdecydowa\u0142 si\u0119 na kapitulacj\u0119 i przy\u0142\u0105czenie do targowiczan. Armia polska posz\u0142a w rozsypk\u0119 a sen o wolno\u015bci umar\u0142 na kolejny wiek.<\/p>\n<p style=\"text-align: justify;\"><strong>\u015awi\u0119to Narodowe<\/strong><\/p>\n<p style=\"text-align: justify;\">\u015awi\u0119to Konstytucji 3 maja obchodzono do ostatniego rozbioru. \u015awi\u0119towanie 3 Maja by\u0142o zakazane we wszystkich zaborach, dopiero po I W\u015a kiedy Polska odzyska\u0142a niepodleg\u0142o\u015b\u0107 \u015awi\u0119to Konstytucji 3 maja zosta\u0142o wznowione. Podczas II W\u015a w czasie okupacji niemieckiej i radzieckiej \u015awi\u0119to zosta\u0142o zdelegalizowane. Dopiero w 1981 roku w\u0142adza ludowa zezwoli\u0142a na obchody 3-majowe. Od 1989 roku \u015awi\u0119to Konstytucji 3 maja \u2013 zn\u00f3w jest \u015bwi\u0119tem narodowym, a od 2007 roku obchodzone jest r\u00f3wnie\u017c na Litwie.<\/p>\n<p style=\"text-align: justify;\"><strong>Jak obchodzone jest \u015bwi\u0119to w Polsce dzisiaj?<\/strong><\/p>\n<p style=\"text-align: justify;\">Obchody \u015awi\u0119ta Konstytucji 3 Maja w okresie zabor\u00f3w Polski oczywi\u015bcie by\u0142y zakazane. Osoby, kt\u00f3re publicznie obchodzi\u0142y to \u015bwi\u0119to, by\u0142y surowo karane przez policj\u0119.<\/p>\n<p style=\"text-align: justify;\">Obecnie Uchwalenie Konstytucji zazwyczaj \u015bwi\u0119towane jest poprzez r\u00f3\u017cnego typu parady, marsze, zawody sportowe i pikniki rodzinne. Z okazji \u015bwi\u0119ta organizowane s\u0105 liczne pochody trzeciomajowe w r\u00f3\u017cnych miastach w Polsce. Odbywaj\u0105 si\u0119 tak\u017ce oficjalne uroczysto\u015bci, g\u00f3wnie o charakterze wojskowym.<\/p>\n<p style=\"text-align: justify;\">Warto tak\u017ce wspomnie\u0107, \u017ce \u015awi\u0119to Konstytucji 3 Maja w Polsce obchodzone jest od 1919 roku, jednak w okresie PRL-u zosta\u0142o zniesione i nast\u0119pnie, w 1990 roku, przywr\u00f3cone.<\/p>\n<h1 style=\"text-align: justify;\">Zielone \u015awi\u0105tki<\/h1>\n<p style=\"text-align: justify;\"><strong>Zielone \u015awi\u0105tki \u2013 potoczna (ludowa) nazwa \u015bwi\u0119ta Zes\u0142ania Ducha \u015awi\u0119tego, kt\u00f3rego geneza zwi\u0105zana jest z przedchrze\u015bcija\u0144skimi \u2013 poga\u0144skimi \u2013 obrz\u0119dami wiosennymi o charakterze p\u0142od-no\u015bciowym (si\u0142a drzew, zielonych ga\u0142\u0119zi i wszelkiej wegetacji) oraz zaduszkowym (kult przodk\u00f3w, dziady wiosenne). Zielone \u015awi\u0105tki przypuszczalnie wywodz\u0105 si\u0119 z wcze\u015bniejszego s\u0142owia\u0144skiego \u015bwi\u0119ta zwanego Stado, kt\u00f3rego pozosta\u0142o\u015bci\u0105 s\u0105 odbywaj\u0105ce si\u0119 w tym okresie ludowe odpusty.<\/strong><\/p>\n<p style=\"text-align: justify;\"><strong>Zwyczaje<\/strong><\/p>\n<p style=\"text-align: justify;\">Ludowe obyczaje zwi\u0105zane z Zielonymi \u015awi\u0105tkami maj\u0105 swe \u017ar\u00f3d\u0142a w obrz\u0119dowo\u015bci przedchrze\u015bcija\u0144skiej. Wpisane s\u0105 w rytm przyrody, oczekiwanie nadej\u015bcia lata. Ich archetypem s\u0105 magiczne praktyki, kt\u00f3re mia\u0142y oczy\u015bci\u0107 ziemi\u0119 z demon\u00f3w wodnych, odpowiedzialnych wiosn\u0105 za proces wegetacji. Dzia\u0142ania te mia\u0142y zapewni\u0107 obfite plony. W tym celu palono ognie, domy przyozdabiano zielonymi ga\u0142\u0105zkami, tatarakiem, kwiatami (przystrajanie domostw zielonymi ga\u0142\u0119ziami mia\u0142o zapewni\u0107 urodzaj, a tak\u017ce ochroni\u0107 przed urokami). Niekt\u00f3rzy wycinali m\u0142ode brz\u00f3zki i stawiali je w obej\u015bciu. W ludowej tradycji ziemi dobrzy\u0144skiej \u2013 cho\u0107 ju\u017c w spos\u00f3b cz\u0105s-tkowy \u2013 zachowa\u0142y si\u0119 zwyczaje zwi\u0105zane z kultem drzew i zielonych ga\u0142\u0119zi. Byd\u0142o okadzano dymem ze spalonych \u015bwi\u0119conych zi\u00f3\u0142, przystrajano wie\u0144cami i kwiatami, a po grzbietach i bokach toczono jajka. W okresie p\u00f3\u017aniejszym zasiane pola obchodzi\u0142y procesje, niesiono chor\u0105gwie i obrazy \u015bwi\u0119te, \u015bpiewano przy tym pie\u015bni nabo\u017cne.<img loading=\"lazy\" class=\"size-medium wp-image-9411 alignright\" src=\"http:\/\/gomin.gospmr.org\/wp-content\/uploads\/2021\/05\/z17974814VZielone-Swiatki-w-Bialostockim-Muzeum-Wsi-300x200.jpg\" alt=\"\" width=\"300\" height=\"200\" srcset=\"http:\/\/gomin.gospmr.org\/wp-content\/uploads\/2021\/05\/z17974814VZielone-Swiatki-w-Bialostockim-Muzeum-Wsi-300x200.jpg 300w, http:\/\/gomin.gospmr.org\/wp-content\/uploads\/2021\/05\/z17974814VZielone-Swiatki-w-Bialostockim-Muzeum-Wsi-768x512.jpg 768w, http:\/\/gomin.gospmr.org\/wp-content\/uploads\/2021\/05\/z17974814VZielone-Swiatki-w-Bialostockim-Muzeum-Wsi-420x280.jpg 420w, http:\/\/gomin.gospmr.org\/wp-content\/uploads\/2021\/05\/z17974814VZielone-Swiatki-w-Bialostockim-Muzeum-Wsi.jpg 960w\" sizes=\"(max-width: 300px) 100vw, 300px\" \/><\/p>\n<p style=\"text-align: justify;\"><strong>\u015awi\u0119to o wielu nazwach<\/strong><\/p>\n<p style=\"text-align: justify;\">W zale\u017cno\u015bci od regionu nazywane by\u0142y dawniej r\u00f3wnie\u017c Sob\u00f3tkami (po\u0142udniowa Polska) lub Palinockami (Podlasie) \u2013konsekwencja tego, gdy w okresie chrystianizacji pr\u00f3bowano przenie\u015b\u0107 obchody Nocy Kupalnej na okres majowych Zielonych \u015awi\u0105tek (a dopiero p\u00f3\u017aniej na termin pierwotnie bli\u017cszy temu poga\u0144skiemu \u015bwi\u0119tu, na specjalnie w tym celu ustanowion\u0105 wigili\u0119 \u015bw. Jana). Zielone \u015awi\u0105tki szczeg\u00f3lnie by\u0142y popularne w\u015br\u00f3d pasterzy, kt\u00f3rzy ucztowali i ta\u0144czyli przy ogniu. Zwyczaj ten do dzisiaj jest popularny w\u015br\u00f3d g\u00f3rali zag\u00f3rza\u0144skich i Podhalan, w sob\u00f3tkow\u0105 noc na wielu wzg\u00f3rzach pal\u0105 si\u0119 widoczne z daleka ogniska, od kt\u00f3rych odpala si\u0119 tzw. fak\u0142y (lub kozubki) \u2013 szczeg\u00f3lny rodzaj pochodni, robionej z kory m\u0142odego \u015bwierka (w gwarze podhala\u0144skiej smreka\/smereka). Robi si\u0119 z niej swego rodzaju sakw\u0119 na d\u0142ugim kiju, do kt\u00f3rej wk\u0142ada si\u0119 \u017cywic\u0119. Z fak\u0142ami robi si\u0119 pochody mi\u0119dzy poszczeg\u00f3lnymi watrami (tj. ogniskami), a tak\u017ce obchodzi pola, szczeg\u00f3lnie te zasiane, w celu odp\u0119dzenia z\u0142ych duch\u00f3w od zagon\u00f3w i p\u00f3l.<\/p>\n<p style=\"text-align: justify;\">Dla chrze\u015bcijan to bardzo wa\u017cne \u015bwi\u0119to \u2013 uwa\u017ca si\u0119, \u017ce dzie\u0144 Dnia \u015awi\u0119tego, kiedy zes\u0142ano Ducha \u015awi\u0119tego stanowi\u0142 pocz\u0105tek katolickiego Ko\u015bcio\u0142a.<\/p>\n<p style=\"text-align: justify;\"><strong>Zielone \u015awi\u0105tki w 2021 roku<\/strong><\/p>\n<p style=\"text-align: justify;\">Poniewa\u017c jest to ruchome \u015bwi\u0119to, zazwyczaj wypada w maju lub w czerwcu. Data \u015bwi\u0119towania po\u0142\u0105czona jest z dat\u0105 Wielkanocy \u2013 odbywa si\u0119 7 tygodni po niej. W 2021 roku Zielone \u015awi\u0105tki \u015bwi\u0119tuje si\u0119 w niedziel\u0119 23 maja.<\/p>\n<p style=\"text-align: justify;\">\u0421\u0442\u043e\u0440\u0456\u043d\u043a\u0443 \u043f\u0456\u0434\u0433\u043e\u0442\u0443\u0432\u0430\u043b\u0430<\/p>\n<p style=\"text-align: justify;\"><strong>\u041d\u0430\u0442\u0430\u043b\u044f \u0421\u0418\u041d\u042f\u0412\u0421\u042c\u041a\u0410.<\/strong><\/p>\n","protected":false},"excerpt":{"rendered":"<p>\u0422\u0440\u0430\u0432\u043d\u0435\u0432\u0456 \u0441\u0432\u044f\u0442\u0430 \u041f\u043e\u043b\u044f\u043a\u0438 \u043f\u043e\u043b\u044e\u0431\u043b\u044f\u044e\u0442\u044c \u0432\u0456\u0434\u043f\u043e\u0447\u0438\u0432\u0430\u0442\u0438, \u044f\u043a, \u0432\u043b\u0430\u0441\u043d\u0435, \u0439 \u0443\u043a\u0440\u0430\u0457\u043d\u0446\u0456 \u0447\u0438 \u043f\u0440\u0438\u0434\u043d\u0456\u0441\u0442\u0440\u043e\u0432\u0446\u0456. \u0423 \u0442\u0440\u0430\u0432\u043d\u0456 \u0432\u0438\u043f\u0430\u0434\u0430\u0454 \u0434\u0435\u043a\u0456\u043b\u044c\u043a\u0430 \u0442\u0430\u043a\u0438\u0445 \u0434\u043d\u0456\u0432: 1 \u0442\u0440\u0430\u0432\u043d\u044f \u2013 \u041c\u0456\u0436\u043d\u0430\u0440\u043e\u0434\u043d\u0438\u0439 \u0434\u0435\u043d\u044c \u0441\u043e\u043b\u0456\u0434\u0430\u0440\u043d\u043e\u0441\u0442\u0456 \u0442\u0440\u0443\u0434\u044f\u0449\u0438\u0445; 3<\/p>\n","protected":false},"author":5,"featured_media":9163,"comment_status":"closed","ping_status":"open","sticky":false,"template":"","format":"standard","meta":[],"categories":[17],"tags":[],"_links":{"self":[{"href":"http:\/\/gomin.gospmr.org\/index.php?rest_route=\/wp\/v2\/posts\/9408"}],"collection":[{"href":"http:\/\/gomin.gospmr.org\/index.php?rest_route=\/wp\/v2\/posts"}],"about":[{"href":"http:\/\/gomin.gospmr.org\/index.php?rest_route=\/wp\/v2\/types\/post"}],"author":[{"embeddable":true,"href":"http:\/\/gomin.gospmr.org\/index.php?rest_route=\/wp\/v2\/users\/5"}],"replies":[{"embeddable":true,"href":"http:\/\/gomin.gospmr.org\/index.php?rest_route=%2Fwp%2Fv2%2Fcomments&post=9408"}],"version-history":[{"count":1,"href":"http:\/\/gomin.gospmr.org\/index.php?rest_route=\/wp\/v2\/posts\/9408\/revisions"}],"predecessor-version":[{"id":9412,"href":"http:\/\/gomin.gospmr.org\/index.php?rest_route=\/wp\/v2\/posts\/9408\/revisions\/9412"}],"wp:featuredmedia":[{"embeddable":true,"href":"http:\/\/gomin.gospmr.org\/index.php?rest_route=\/wp\/v2\/media\/9163"}],"wp:attachment":[{"href":"http:\/\/gomin.gospmr.org\/index.php?rest_route=%2Fwp%2Fv2%2Fmedia&parent=9408"}],"wp:term":[{"taxonomy":"category","embeddable":true,"href":"http:\/\/gomin.gospmr.org\/index.php?rest_route=%2Fwp%2Fv2%2Fcategories&post=9408"},{"taxonomy":"post_tag","embeddable":true,"href":"http:\/\/gomin.gospmr.org\/index.php?rest_route=%2Fwp%2Fv2%2Ftags&post=9408"}],"curies":[{"name":"wp","href":"https:\/\/api.w.org\/{rel}","templated":true}]}}